{"id":5412,"date":"2023-07-06T09:16:11","date_gmt":"2023-07-06T07:16:11","guid":{"rendered":"https:\/\/chapaprianavarroyasociados.com\/non-classifiee\/la-cour-supreme-confirme-la-nullite-du-licenciement-dantonio-david\/"},"modified":"2023-07-06T14:30:03","modified_gmt":"2023-07-06T12:30:03","slug":"la-cour-supreme-confirme-la-nullite-du-licenciement-dantonio-david","status":"publish","type":"post","link":"https:\/\/chapaprianavarroyasociados.com\/fr\/news-fr\/la-cour-supreme-confirme-la-nullite-du-licenciement-dantonio-david\/","title":{"rendered":"LA COUR SUPR\u00caME CONFIRME LA NULLIT\u00c9 DU LICENCIEMENT D&rsquo;ANTONIO DAVID"},"content":{"rendered":"\n<p>Le 22 mars 2021, suite \u00e0 la diffusion des premiers chapitres de la s\u00e9rie documentaire consacr\u00e9e \u00e0 la vie de Roc\u00edo Carrasco et \u00e0 toutes les r\u00e9percussions g\u00e9n\u00e9r\u00e9es sur les r\u00e9seaux sociaux, l&rsquo;\u00e9mission \u00ab\u00a0S\u00e1lvame\u00a0\u00bb a annonc\u00e9 la fin de la relation de travail d&rsquo;Antonio David Flores avec le groupe Mediaset. <\/p>\n\n<p>Le licenciement a \u00e9t\u00e9 contest\u00e9 en justice par l&#8217;employ\u00e9. Le tribunal social n\u00b0 42 de Madrid a \u00e9t\u00e9 l&rsquo;organe judiciaire charg\u00e9 de r\u00e9soudre l&rsquo;affaire en premi\u00e8re instance, en d\u00e9clarant le licenciement nul et non avenu, en faisant partiellement droit \u00e0 la demande introduite par le collaborateur contre La F\u00e1brica de la Tele S.L. et Mediaset Espa\u00f1a Comunicaci\u00f3n S.A.<\/p>\n\n<p>Le jugement du tribunal du travail susmentionn\u00e9 a d\u00e9clar\u00e9 le licenciement nul et non avenu au motif que le droit \u00e0 l&rsquo;honneur du travailleur avait \u00e9t\u00e9 viol\u00e9 en raison de la mani\u00e8re dont le licenciement avait \u00e9t\u00e9 communiqu\u00e9 et rendu public, par le biais d&rsquo;une \u00e9mission en direct \u00e0 une heure de grande \u00e9coute.<\/p>\n\n<p>La d\u00e9cision indique qu&rsquo;il y avait une intention d\u00e9lib\u00e9r\u00e9e de la part de l&#8217;employeur de faire en sorte que le travailleur n&rsquo;ait pas connaissance du licenciement avant la diffusion en direct de l&rsquo;\u00e9mission, de sorte que le contenu de l&rsquo;\u00e9mission constituait une v\u00e9ritable lettre de licenciement, ind\u00e9pendamment de ce que l&#8217;employeur a d\u00e9clar\u00e9 dans la notification \u00e9crite de licenciement envoy\u00e9e au travailleur apr\u00e8s la diffusion de l&rsquo;\u00e9mission.  <\/p>\n\n<p>Le licenciement a \u00e9t\u00e9 effectu\u00e9 en pr\u00e9sentant le travailleur comme un agresseur alors qu&rsquo;en r\u00e9alit\u00e9, il n&rsquo;existe aucune d\u00e9cision judiciaire le condamnant pour la commission des actes all\u00e9gu\u00e9s, mais qu&rsquo;au contraire, les poursuites p\u00e9nales \u00e0 son encontre ont \u00e9t\u00e9 abandonn\u00e9es, de sorte que la d\u00e9cision de licenciement fond\u00e9e sur ces circonstances constitue une atteinte grave \u00e0 son droit \u00e0 l&rsquo;honneur, ce qui a conduit \u00e0 la d\u00e9claration de nullit\u00e9 du licenciement.<\/p>\n\n<p>En premi\u00e8re instance, le tribunal du travail a non seulement d\u00e9clar\u00e9 le licenciement nul, mais a \u00e9galement condamn\u00e9 l&rsquo;entreprise \u00e0 verser des dommages-int\u00e9r\u00eats d&rsquo;un montant de 50 000 euros.<\/p>\n\n<p>La soci\u00e9t\u00e9 de production a fait appel du jugement devant le Tribunal sup\u00e9rieur de justice de la Communaut\u00e9 de Madrid, en invoquant la violation de l&rsquo;article 55.5 du Statut des travailleurs et de divers articles de la Constitution. <\/p>\n\n<p>El recurso interpuesto por la empleadora fue desestimado, ampar\u00e1ndose la Sala en que\u00a0<strong>se hab\u00eda vulnerado el derecho al honor del trabajador, sin que la libertad de expresi\u00f3n justificase la conducta adoptada<\/strong>\u00a0por la empleadora.<\/p>\n\n<p>A sensu contrario, le Tribunal Sup\u00e9rieur de Justice de Madrid a fait partiellement droit \u00e0 l&rsquo;appel interjet\u00e9 par le plaignant et, le 29 avril 2023, a rendu un jugement dans lequel il a accept\u00e9 de rectifier le jugement adopt\u00e9 en premi\u00e8re instance en ce qui concerne le montant de l&rsquo;indemnit\u00e9 pour pr\u00e9judice moral, en le portant au montant notoire de 120 000 euros<\/p>\n\n<p>La soci\u00e9t\u00e9 de production condamn\u00e9e, m\u00e9contente de la d\u00e9cision rendue en appel, a form\u00e9 un pourvoi en cassation devant le Tribunal supr\u00eame, demandant l&rsquo;unification de la doctrine quant au moment o\u00f9 il convient de r\u00e9viser l&rsquo;indemnit\u00e9 fix\u00e9e par le juge \u00ab\u00a0a quo\u00a0\u00bb, celui du Tribunal social n\u00b0 42 de Madrid. <\/p>\n\n<p>Cependant, notre Cour supr\u00eame a rejet\u00e9 le pourvoi en cassation, d\u00e9clarant que l&rsquo;arr\u00eat rendu par le Tribunal sup\u00e9rieur de justice de Madrid est d\u00e9finitif, affirmant que la difficile quantification du pr\u00e9judice moral justifie qu&rsquo;il soit indemnis\u00e9 lorsque la violation du droit fondamental est demand\u00e9e et reconnue.<\/p>\n\n<p>Par cons\u00e9quent, apr\u00e8s avoir \u00e9puis\u00e9 toutes les voies de recours pr\u00e9vues par la l\u00e9gislation espagnole, l&rsquo;arr\u00eat est devenu d\u00e9finitif et l&#8217;employeur doit s&rsquo;y conformer et verser \u00e0 l&rsquo;auteur de la t\u00e9l\u00e9vision les indemnit\u00e9s ordonn\u00e9es. <\/p>\n\n<p class=\"has-text-align-right\">Article r\u00e9dig\u00e9 par Cynthia Z\u00e1rate<\/p>\n","protected":false},"excerpt":{"rendered":"<p>Le 22 mars 2021, suite \u00e0 la diffusion des premiers chapitres de la s\u00e9rie documentaire consacr\u00e9e \u00e0 la vie de Roc\u00edo Carrasco et \u00e0 toutes les r\u00e9percussions g\u00e9n\u00e9r\u00e9es sur les r\u00e9seaux sociaux, l&rsquo;\u00e9mission \u00ab\u00a0S\u00e1lvame\u00a0\u00bb a annonc\u00e9 la fin de la relation de travail d&rsquo;Antonio David Flores avec le groupe Mediaset. Le licenciement a \u00e9t\u00e9 contest\u00e9 [&hellip;]<\/p>\n","protected":false},"author":3,"featured_media":5406,"comment_status":"closed","ping_status":"closed","sticky":false,"template":"","format":"standard","meta":{"_joinchat":[],"footnotes":""},"categories":[566],"tags":[],"class_list":["post-5412","post","type-post","status-publish","format-standard","has-post-thumbnail","hentry","category-news-fr"],"yoast_head":"<!-- This site is optimized with the Yoast SEO plugin v27.4 - https:\/\/yoast.com\/product\/yoast-seo-wordpress\/ -->\n<title>LA COUR SUPR\u00caME CONFIRME LA NULLIT\u00c9 DU LICENCIEMENT D&#039;ANTONIO DAVID<\/title>\n<meta name=\"description\" content=\"L&#039;arr\u00eat a d\u00e9clar\u00e9 le licenciement d&#039;Antonio David nul et non avenu en raison de la violation du droit \u00e0 l&#039;honneur du travailleur.\" \/>\n<meta name=\"robots\" content=\"index, follow, max-snippet:-1, max-image-preview:large, max-video-preview:-1\" \/>\n<link rel=\"canonical\" href=\"https:\/\/chapaprianavarroyasociados.com\/fr\/news-fr\/la-cour-supreme-confirme-la-nullite-du-licenciement-dantonio-david\/\" \/>\n<meta property=\"og:locale\" content=\"fr_FR\" \/>\n<meta property=\"og:type\" content=\"article\" \/>\n<meta property=\"og:title\" content=\"LA COUR SUPR\u00caME CONFIRME LA NULLIT\u00c9 DU LICENCIEMENT D&#039;ANTONIO DAVID\" \/>\n<meta property=\"og:description\" content=\"L&#039;arr\u00eat a d\u00e9clar\u00e9 le licenciement d&#039;Antonio David nul et non avenu en raison de la violation du droit \u00e0 l&#039;honneur du travailleur.\" \/>\n<meta property=\"og:url\" content=\"https:\/\/chapaprianavarroyasociados.com\/fr\/news-fr\/la-cour-supreme-confirme-la-nullite-du-licenciement-dantonio-david\/\" \/>\n<meta property=\"og:site_name\" content=\"Chapapr\u00eda-Navarro &amp; Asociados\" \/>\n<meta property=\"article:publisher\" content=\"https:\/\/www.facebook.com\/chapaprianavarroasociados\/\" \/>\n<meta property=\"article:published_time\" content=\"2023-07-06T07:16:11+00:00\" \/>\n<meta property=\"article:modified_time\" content=\"2023-07-06T12:30:03+00:00\" \/>\n<meta property=\"og:image\" content=\"https:\/\/chapaprianavarroyasociados.com\/wp-content\/uploads\/2023\/07\/f.elconfidencial.com_original_da8_df3_23c_da8df323c05735ae9cc3faf95c5589c2.jpg\" \/>\n\t<meta property=\"og:image:width\" content=\"1200\" \/>\n\t<meta property=\"og:image:height\" content=\"900\" \/>\n\t<meta property=\"og:image:type\" content=\"image\/jpeg\" \/>\n<meta name=\"author\" content=\"Chapapr\u00eda-Navarro &amp; Asociados\" \/>\n<meta name=\"twitter:card\" content=\"summary_large_image\" \/>\n<meta name=\"twitter:creator\" content=\"@BufeteChapapria\" \/>\n<meta name=\"twitter:site\" content=\"@BufeteChapapria\" \/>\n<meta name=\"twitter:label1\" content=\"\u00c9crit par\" \/>\n\t<meta name=\"twitter:data1\" content=\"Chapapr\u00eda-Navarro &amp; Asociados\" \/>\n\t<meta name=\"twitter:label2\" content=\"Dur\u00e9e de lecture estim\u00e9e\" \/>\n\t<meta name=\"twitter:data2\" content=\"3 minutes\" \/>\n<script type=\"application\/ld+json\" class=\"yoast-schema-graph\">{\"@context\":\"https:\\\/\\\/schema.org\",\"@graph\":[{\"@type\":\"Article\",\"@id\":\"https:\\\/\\\/chapaprianavarroyasociados.com\\\/fr\\\/news-fr\\\/la-cour-supreme-confirme-la-nullite-du-licenciement-dantonio-david\\\/#article\",\"isPartOf\":{\"@id\":\"https:\\\/\\\/chapaprianavarroyasociados.com\\\/fr\\\/news-fr\\\/la-cour-supreme-confirme-la-nullite-du-licenciement-dantonio-david\\\/\"},\"author\":{\"name\":\"Chapapr\u00eda-Navarro &amp; Asociados\",\"@id\":\"https:\\\/\\\/chapaprianavarroyasociados.com\\\/fr\\\/#\\\/schema\\\/person\\\/c9ff87cb91d65fcd42e451a0caa2cab0\"},\"headline\":\"LA COUR SUPR\u00caME CONFIRME LA NULLIT\u00c9 DU LICENCIEMENT D&rsquo;ANTONIO DAVID\",\"datePublished\":\"2023-07-06T07:16:11+00:00\",\"dateModified\":\"2023-07-06T12:30:03+00:00\",\"mainEntityOfPage\":{\"@id\":\"https:\\\/\\\/chapaprianavarroyasociados.com\\\/fr\\\/news-fr\\\/la-cour-supreme-confirme-la-nullite-du-licenciement-dantonio-david\\\/\"},\"wordCount\":667,\"publisher\":{\"@id\":\"https:\\\/\\\/chapaprianavarroyasociados.com\\\/fr\\\/#organization\"},\"image\":{\"@id\":\"https:\\\/\\\/chapaprianavarroyasociados.com\\\/fr\\\/news-fr\\\/la-cour-supreme-confirme-la-nullite-du-licenciement-dantonio-david\\\/#primaryimage\"},\"thumbnailUrl\":\"https:\\\/\\\/chapaprianavarroyasociados.com\\\/wp-content\\\/uploads\\\/2023\\\/07\\\/f.elconfidencial.com_original_da8_df3_23c_da8df323c05735ae9cc3faf95c5589c2.jpg\",\"articleSection\":[\"news\"],\"inLanguage\":\"fr-FR\"},{\"@type\":\"WebPage\",\"@id\":\"https:\\\/\\\/chapaprianavarroyasociados.com\\\/fr\\\/news-fr\\\/la-cour-supreme-confirme-la-nullite-du-licenciement-dantonio-david\\\/\",\"url\":\"https:\\\/\\\/chapaprianavarroyasociados.com\\\/fr\\\/news-fr\\\/la-cour-supreme-confirme-la-nullite-du-licenciement-dantonio-david\\\/\",\"name\":\"LA COUR SUPR\u00caME CONFIRME LA NULLIT\u00c9 DU LICENCIEMENT D'ANTONIO DAVID\",\"isPartOf\":{\"@id\":\"https:\\\/\\\/chapaprianavarroyasociados.com\\\/fr\\\/#website\"},\"primaryImageOfPage\":{\"@id\":\"https:\\\/\\\/chapaprianavarroyasociados.com\\\/fr\\\/news-fr\\\/la-cour-supreme-confirme-la-nullite-du-licenciement-dantonio-david\\\/#primaryimage\"},\"image\":{\"@id\":\"https:\\\/\\\/chapaprianavarroyasociados.com\\\/fr\\\/news-fr\\\/la-cour-supreme-confirme-la-nullite-du-licenciement-dantonio-david\\\/#primaryimage\"},\"thumbnailUrl\":\"https:\\\/\\\/chapaprianavarroyasociados.com\\\/wp-content\\\/uploads\\\/2023\\\/07\\\/f.elconfidencial.com_original_da8_df3_23c_da8df323c05735ae9cc3faf95c5589c2.jpg\",\"datePublished\":\"2023-07-06T07:16:11+00:00\",\"dateModified\":\"2023-07-06T12:30:03+00:00\",\"description\":\"L'arr\u00eat a d\u00e9clar\u00e9 le licenciement d'Antonio David nul et non avenu en raison de la violation du droit \u00e0 l'honneur du travailleur.\",\"breadcrumb\":{\"@id\":\"https:\\\/\\\/chapaprianavarroyasociados.com\\\/fr\\\/news-fr\\\/la-cour-supreme-confirme-la-nullite-du-licenciement-dantonio-david\\\/#breadcrumb\"},\"inLanguage\":\"fr-FR\",\"potentialAction\":[{\"@type\":\"ReadAction\",\"target\":[\"https:\\\/\\\/chapaprianavarroyasociados.com\\\/fr\\\/news-fr\\\/la-cour-supreme-confirme-la-nullite-du-licenciement-dantonio-david\\\/\"]}]},{\"@type\":\"ImageObject\",\"inLanguage\":\"fr-FR\",\"@id\":\"https:\\\/\\\/chapaprianavarroyasociados.com\\\/fr\\\/news-fr\\\/la-cour-supreme-confirme-la-nullite-du-licenciement-dantonio-david\\\/#primaryimage\",\"url\":\"https:\\\/\\\/chapaprianavarroyasociados.com\\\/wp-content\\\/uploads\\\/2023\\\/07\\\/f.elconfidencial.com_original_da8_df3_23c_da8df323c05735ae9cc3faf95c5589c2.jpg\",\"contentUrl\":\"https:\\\/\\\/chapaprianavarroyasociados.com\\\/wp-content\\\/uploads\\\/2023\\\/07\\\/f.elconfidencial.com_original_da8_df3_23c_da8df323c05735ae9cc3faf95c5589c2.jpg\",\"width\":1200,\"height\":900},{\"@type\":\"BreadcrumbList\",\"@id\":\"https:\\\/\\\/chapaprianavarroyasociados.com\\\/fr\\\/news-fr\\\/la-cour-supreme-confirme-la-nullite-du-licenciement-dantonio-david\\\/#breadcrumb\",\"itemListElement\":[{\"@type\":\"ListItem\",\"position\":1,\"name\":\"Portada\",\"item\":\"https:\\\/\\\/chapaprianavarroyasociados.com\\\/fr\\\/\"},{\"@type\":\"ListItem\",\"position\":2,\"name\":\"LA COUR SUPR\u00caME CONFIRME LA NULLIT\u00c9 DU LICENCIEMENT D&#8217;ANTONIO DAVID\"}]},{\"@type\":\"WebSite\",\"@id\":\"https:\\\/\\\/chapaprianavarroyasociados.com\\\/fr\\\/#website\",\"url\":\"https:\\\/\\\/chapaprianavarroyasociados.com\\\/fr\\\/\",\"name\":\"Chapapr\u00eda-Navarro y Asociados\",\"description\":\"Bufete de abogados en Torrevieja, Valencia y Albacete\",\"publisher\":{\"@id\":\"https:\\\/\\\/chapaprianavarroyasociados.com\\\/fr\\\/#organization\"},\"potentialAction\":[{\"@type\":\"SearchAction\",\"target\":{\"@type\":\"EntryPoint\",\"urlTemplate\":\"https:\\\/\\\/chapaprianavarroyasociados.com\\\/fr\\\/?s={search_term_string}\"},\"query-input\":{\"@type\":\"PropertyValueSpecification\",\"valueRequired\":true,\"valueName\":\"search_term_string\"}}],\"inLanguage\":\"fr-FR\"},{\"@type\":\"Organization\",\"@id\":\"https:\\\/\\\/chapaprianavarroyasociados.com\\\/fr\\\/#organization\",\"name\":\"Chapapr\u00eda Navarro y Asociados\",\"url\":\"https:\\\/\\\/chapaprianavarroyasociados.com\\\/fr\\\/\",\"logo\":{\"@type\":\"ImageObject\",\"inLanguage\":\"fr-FR\",\"@id\":\"https:\\\/\\\/chapaprianavarroyasociados.com\\\/fr\\\/#\\\/schema\\\/logo\\\/image\\\/\",\"url\":\"https:\\\/\\\/chapaprianavarroyasociados.com\\\/wp-content\\\/uploads\\\/2022\\\/10\\\/cropped-logo_version_02_blanco.png\",\"contentUrl\":\"https:\\\/\\\/chapaprianavarroyasociados.com\\\/wp-content\\\/uploads\\\/2022\\\/10\\\/cropped-logo_version_02_blanco.png\",\"width\":296,\"height\":85,\"caption\":\"Chapapr\u00eda Navarro y Asociados\"},\"image\":{\"@id\":\"https:\\\/\\\/chapaprianavarroyasociados.com\\\/fr\\\/#\\\/schema\\\/logo\\\/image\\\/\"},\"sameAs\":[\"https:\\\/\\\/www.facebook.com\\\/chapaprianavarroasociados\\\/\",\"https:\\\/\\\/x.com\\\/BufeteChapapria\",\"https:\\\/\\\/www.linkedin.com\\\/company\\\/chapapria-navarro-y-asociados-s-l-p\\\/\",\"https:\\\/\\\/www.instagram.com\\\/chapaprianavarroasociados\\\/\"]},{\"@type\":\"Person\",\"@id\":\"https:\\\/\\\/chapaprianavarroyasociados.com\\\/fr\\\/#\\\/schema\\\/person\\\/c9ff87cb91d65fcd42e451a0caa2cab0\",\"name\":\"Chapapr\u00eda-Navarro &amp; Asociados\",\"image\":{\"@type\":\"ImageObject\",\"inLanguage\":\"fr-FR\",\"@id\":\"https:\\\/\\\/chapaprianavarroyasociados.com\\\/wp-content\\\/uploads\\\/2025\\\/04\\\/leon_logo-150x150.png\",\"url\":\"https:\\\/\\\/chapaprianavarroyasociados.com\\\/wp-content\\\/uploads\\\/2025\\\/04\\\/leon_logo-150x150.png\",\"contentUrl\":\"https:\\\/\\\/chapaprianavarroyasociados.com\\\/wp-content\\\/uploads\\\/2025\\\/04\\\/leon_logo-150x150.png\",\"caption\":\"Chapapr\u00eda-Navarro &amp; Asociados\"},\"url\":\"https:\\\/\\\/chapaprianavarroyasociados.com\\\/fr\\\/perfil\\\/mariajose\\\/\"}]}<\/script>\n<!-- \/ Yoast SEO plugin. -->","yoast_head_json":{"title":"LA COUR SUPR\u00caME CONFIRME LA NULLIT\u00c9 DU LICENCIEMENT D'ANTONIO DAVID","description":"L'arr\u00eat a d\u00e9clar\u00e9 le licenciement d'Antonio David nul et non avenu en raison de la violation du droit \u00e0 l'honneur du travailleur.","robots":{"index":"index","follow":"follow","max-snippet":"max-snippet:-1","max-image-preview":"max-image-preview:large","max-video-preview":"max-video-preview:-1"},"canonical":"https:\/\/chapaprianavarroyasociados.com\/fr\/news-fr\/la-cour-supreme-confirme-la-nullite-du-licenciement-dantonio-david\/","og_locale":"fr_FR","og_type":"article","og_title":"LA COUR SUPR\u00caME CONFIRME LA NULLIT\u00c9 DU LICENCIEMENT D'ANTONIO DAVID","og_description":"L'arr\u00eat a d\u00e9clar\u00e9 le licenciement d'Antonio David nul et non avenu en raison de la violation du droit \u00e0 l'honneur du travailleur.","og_url":"https:\/\/chapaprianavarroyasociados.com\/fr\/news-fr\/la-cour-supreme-confirme-la-nullite-du-licenciement-dantonio-david\/","og_site_name":"Chapapr\u00eda-Navarro &amp; Asociados","article_publisher":"https:\/\/www.facebook.com\/chapaprianavarroasociados\/","article_published_time":"2023-07-06T07:16:11+00:00","article_modified_time":"2023-07-06T12:30:03+00:00","og_image":[{"width":1200,"height":900,"url":"https:\/\/chapaprianavarroyasociados.com\/wp-content\/uploads\/2023\/07\/f.elconfidencial.com_original_da8_df3_23c_da8df323c05735ae9cc3faf95c5589c2.jpg","type":"image\/jpeg"}],"author":"Chapapr\u00eda-Navarro &amp; Asociados","twitter_card":"summary_large_image","twitter_creator":"@BufeteChapapria","twitter_site":"@BufeteChapapria","twitter_misc":{"\u00c9crit par":"Chapapr\u00eda-Navarro &amp; Asociados","Dur\u00e9e de lecture estim\u00e9e":"3 minutes"},"schema":{"@context":"https:\/\/schema.org","@graph":[{"@type":"Article","@id":"https:\/\/chapaprianavarroyasociados.com\/fr\/news-fr\/la-cour-supreme-confirme-la-nullite-du-licenciement-dantonio-david\/#article","isPartOf":{"@id":"https:\/\/chapaprianavarroyasociados.com\/fr\/news-fr\/la-cour-supreme-confirme-la-nullite-du-licenciement-dantonio-david\/"},"author":{"name":"Chapapr\u00eda-Navarro &amp; Asociados","@id":"https:\/\/chapaprianavarroyasociados.com\/fr\/#\/schema\/person\/c9ff87cb91d65fcd42e451a0caa2cab0"},"headline":"LA COUR SUPR\u00caME CONFIRME LA NULLIT\u00c9 DU LICENCIEMENT D&rsquo;ANTONIO DAVID","datePublished":"2023-07-06T07:16:11+00:00","dateModified":"2023-07-06T12:30:03+00:00","mainEntityOfPage":{"@id":"https:\/\/chapaprianavarroyasociados.com\/fr\/news-fr\/la-cour-supreme-confirme-la-nullite-du-licenciement-dantonio-david\/"},"wordCount":667,"publisher":{"@id":"https:\/\/chapaprianavarroyasociados.com\/fr\/#organization"},"image":{"@id":"https:\/\/chapaprianavarroyasociados.com\/fr\/news-fr\/la-cour-supreme-confirme-la-nullite-du-licenciement-dantonio-david\/#primaryimage"},"thumbnailUrl":"https:\/\/chapaprianavarroyasociados.com\/wp-content\/uploads\/2023\/07\/f.elconfidencial.com_original_da8_df3_23c_da8df323c05735ae9cc3faf95c5589c2.jpg","articleSection":["news"],"inLanguage":"fr-FR"},{"@type":"WebPage","@id":"https:\/\/chapaprianavarroyasociados.com\/fr\/news-fr\/la-cour-supreme-confirme-la-nullite-du-licenciement-dantonio-david\/","url":"https:\/\/chapaprianavarroyasociados.com\/fr\/news-fr\/la-cour-supreme-confirme-la-nullite-du-licenciement-dantonio-david\/","name":"LA COUR SUPR\u00caME CONFIRME LA NULLIT\u00c9 DU LICENCIEMENT D'ANTONIO DAVID","isPartOf":{"@id":"https:\/\/chapaprianavarroyasociados.com\/fr\/#website"},"primaryImageOfPage":{"@id":"https:\/\/chapaprianavarroyasociados.com\/fr\/news-fr\/la-cour-supreme-confirme-la-nullite-du-licenciement-dantonio-david\/#primaryimage"},"image":{"@id":"https:\/\/chapaprianavarroyasociados.com\/fr\/news-fr\/la-cour-supreme-confirme-la-nullite-du-licenciement-dantonio-david\/#primaryimage"},"thumbnailUrl":"https:\/\/chapaprianavarroyasociados.com\/wp-content\/uploads\/2023\/07\/f.elconfidencial.com_original_da8_df3_23c_da8df323c05735ae9cc3faf95c5589c2.jpg","datePublished":"2023-07-06T07:16:11+00:00","dateModified":"2023-07-06T12:30:03+00:00","description":"L'arr\u00eat a d\u00e9clar\u00e9 le licenciement d'Antonio David nul et non avenu en raison de la violation du droit \u00e0 l'honneur du travailleur.","breadcrumb":{"@id":"https:\/\/chapaprianavarroyasociados.com\/fr\/news-fr\/la-cour-supreme-confirme-la-nullite-du-licenciement-dantonio-david\/#breadcrumb"},"inLanguage":"fr-FR","potentialAction":[{"@type":"ReadAction","target":["https:\/\/chapaprianavarroyasociados.com\/fr\/news-fr\/la-cour-supreme-confirme-la-nullite-du-licenciement-dantonio-david\/"]}]},{"@type":"ImageObject","inLanguage":"fr-FR","@id":"https:\/\/chapaprianavarroyasociados.com\/fr\/news-fr\/la-cour-supreme-confirme-la-nullite-du-licenciement-dantonio-david\/#primaryimage","url":"https:\/\/chapaprianavarroyasociados.com\/wp-content\/uploads\/2023\/07\/f.elconfidencial.com_original_da8_df3_23c_da8df323c05735ae9cc3faf95c5589c2.jpg","contentUrl":"https:\/\/chapaprianavarroyasociados.com\/wp-content\/uploads\/2023\/07\/f.elconfidencial.com_original_da8_df3_23c_da8df323c05735ae9cc3faf95c5589c2.jpg","width":1200,"height":900},{"@type":"BreadcrumbList","@id":"https:\/\/chapaprianavarroyasociados.com\/fr\/news-fr\/la-cour-supreme-confirme-la-nullite-du-licenciement-dantonio-david\/#breadcrumb","itemListElement":[{"@type":"ListItem","position":1,"name":"Portada","item":"https:\/\/chapaprianavarroyasociados.com\/fr\/"},{"@type":"ListItem","position":2,"name":"LA COUR SUPR\u00caME CONFIRME LA NULLIT\u00c9 DU LICENCIEMENT D&#8217;ANTONIO DAVID"}]},{"@type":"WebSite","@id":"https:\/\/chapaprianavarroyasociados.com\/fr\/#website","url":"https:\/\/chapaprianavarroyasociados.com\/fr\/","name":"Chapapr\u00eda-Navarro y Asociados","description":"Bufete de abogados en Torrevieja, Valencia y Albacete","publisher":{"@id":"https:\/\/chapaprianavarroyasociados.com\/fr\/#organization"},"potentialAction":[{"@type":"SearchAction","target":{"@type":"EntryPoint","urlTemplate":"https:\/\/chapaprianavarroyasociados.com\/fr\/?s={search_term_string}"},"query-input":{"@type":"PropertyValueSpecification","valueRequired":true,"valueName":"search_term_string"}}],"inLanguage":"fr-FR"},{"@type":"Organization","@id":"https:\/\/chapaprianavarroyasociados.com\/fr\/#organization","name":"Chapapr\u00eda Navarro y Asociados","url":"https:\/\/chapaprianavarroyasociados.com\/fr\/","logo":{"@type":"ImageObject","inLanguage":"fr-FR","@id":"https:\/\/chapaprianavarroyasociados.com\/fr\/#\/schema\/logo\/image\/","url":"https:\/\/chapaprianavarroyasociados.com\/wp-content\/uploads\/2022\/10\/cropped-logo_version_02_blanco.png","contentUrl":"https:\/\/chapaprianavarroyasociados.com\/wp-content\/uploads\/2022\/10\/cropped-logo_version_02_blanco.png","width":296,"height":85,"caption":"Chapapr\u00eda Navarro y Asociados"},"image":{"@id":"https:\/\/chapaprianavarroyasociados.com\/fr\/#\/schema\/logo\/image\/"},"sameAs":["https:\/\/www.facebook.com\/chapaprianavarroasociados\/","https:\/\/x.com\/BufeteChapapria","https:\/\/www.linkedin.com\/company\/chapapria-navarro-y-asociados-s-l-p\/","https:\/\/www.instagram.com\/chapaprianavarroasociados\/"]},{"@type":"Person","@id":"https:\/\/chapaprianavarroyasociados.com\/fr\/#\/schema\/person\/c9ff87cb91d65fcd42e451a0caa2cab0","name":"Chapapr\u00eda-Navarro &amp; Asociados","image":{"@type":"ImageObject","inLanguage":"fr-FR","@id":"https:\/\/chapaprianavarroyasociados.com\/wp-content\/uploads\/2025\/04\/leon_logo-150x150.png","url":"https:\/\/chapaprianavarroyasociados.com\/wp-content\/uploads\/2025\/04\/leon_logo-150x150.png","contentUrl":"https:\/\/chapaprianavarroyasociados.com\/wp-content\/uploads\/2025\/04\/leon_logo-150x150.png","caption":"Chapapr\u00eda-Navarro &amp; Asociados"},"url":"https:\/\/chapaprianavarroyasociados.com\/fr\/perfil\/mariajose\/"}]}},"_links":{"self":[{"href":"https:\/\/chapaprianavarroyasociados.com\/fr\/wp-json\/wp\/v2\/posts\/5412","targetHints":{"allow":["GET"]}}],"collection":[{"href":"https:\/\/chapaprianavarroyasociados.com\/fr\/wp-json\/wp\/v2\/posts"}],"about":[{"href":"https:\/\/chapaprianavarroyasociados.com\/fr\/wp-json\/wp\/v2\/types\/post"}],"author":[{"embeddable":true,"href":"https:\/\/chapaprianavarroyasociados.com\/fr\/wp-json\/wp\/v2\/users\/3"}],"replies":[{"embeddable":true,"href":"https:\/\/chapaprianavarroyasociados.com\/fr\/wp-json\/wp\/v2\/comments?post=5412"}],"version-history":[{"count":1,"href":"https:\/\/chapaprianavarroyasociados.com\/fr\/wp-json\/wp\/v2\/posts\/5412\/revisions"}],"predecessor-version":[{"id":5413,"href":"https:\/\/chapaprianavarroyasociados.com\/fr\/wp-json\/wp\/v2\/posts\/5412\/revisions\/5413"}],"wp:featuredmedia":[{"embeddable":true,"href":"https:\/\/chapaprianavarroyasociados.com\/fr\/wp-json\/wp\/v2\/media\/5406"}],"wp:attachment":[{"href":"https:\/\/chapaprianavarroyasociados.com\/fr\/wp-json\/wp\/v2\/media?parent=5412"}],"wp:term":[{"taxonomy":"category","embeddable":true,"href":"https:\/\/chapaprianavarroyasociados.com\/fr\/wp-json\/wp\/v2\/categories?post=5412"},{"taxonomy":"post_tag","embeddable":true,"href":"https:\/\/chapaprianavarroyasociados.com\/fr\/wp-json\/wp\/v2\/tags?post=5412"}],"curies":[{"name":"wp","href":"https:\/\/api.w.org\/{rel}","templated":true}]}}