{"id":5439,"date":"2023-07-21T11:15:17","date_gmt":"2023-07-21T09:15:17","guid":{"rendered":"https:\/\/chapaprianavarroyasociados.com\/non-classifiee\/lespagne-va-t-elle-reglementer-la-profession-dinfluenceur\/"},"modified":"2023-07-21T14:02:13","modified_gmt":"2023-07-21T12:02:13","slug":"lespagne-va-t-elle-reglementer-la-profession-dinfluenceur","status":"publish","type":"post","link":"https:\/\/chapaprianavarroyasociados.com\/fr\/news-fr\/lespagne-va-t-elle-reglementer-la-profession-dinfluenceur\/","title":{"rendered":"L&rsquo;Espagne va-t-elle r\u00e9glementer la profession d&rsquo;influenceur ?"},"content":{"rendered":"\n<p>Ces derni\u00e8res ann\u00e9es, de nouvelles professions sont apparues, auxquelles nos lois et r\u00e9glementations ne sont pas pr\u00e9par\u00e9es. C&rsquo;est le cas de la figure de l&rsquo;influenceur, du streamer et\/ou du youtuber, qui pourraient en principe \u00eatre consid\u00e9r\u00e9s comme des cr\u00e9ateurs de contenu audiovisuel, bien que le contexte soit plus complexe.<\/p>\n\n<p>Les entreprises ont modifi\u00e9 leur strat\u00e9gie de marketing et ont cess\u00e9 d&rsquo;analyser l&rsquo;importance d&rsquo;avoir un influenceur et de signer des collaborations pour accro\u00eetre la notori\u00e9t\u00e9 de la marque, car elles savent qu&rsquo;elles contribuent \u00e0 am\u00e9liorer leur positionnement sur le march\u00e9.  <\/p>\n\n<p>Dans ce contexte, notre pays voisin a fait le premier pas en Europe et a r\u00e9cemment adopt\u00e9 une loi sur l&rsquo;activit\u00e9 des influenceurs dans le but de r\u00e9glementer l&rsquo;utilisation que ces utilisateurs font des r\u00e9seaux sociaux et des plateformes.<\/p>\n\n<p>Ce nouveau r\u00e8glement reconna\u00eet l\u00e9galement l&rsquo;activit\u00e9 des influenceurs commerciaux dans les m\u00e9dias \u00e9lectroniques et les d\u00e9finit comme des personnes physiques ou morales qui \u00ab\u00a0en \u00e9change d&rsquo;une r\u00e9mun\u00e9ration, communiquent au public par voie \u00e9lectronique des contenus visant \u00e0 promouvoir, directement ou indirectement, des biens ou des services, ou qui, pour quelque raison que ce soit, exercent une influence commerciale par voie \u00e9lectronique\u00a0\u00bb, Les m\u00e9dias sociaux sont donc des personnes physiques ou morales qui \u00ab\u00a0communiquent au public par voie \u00e9lectronique, en \u00e9change d&rsquo;une r\u00e9mun\u00e9ration, des contenus visant \u00e0 promouvoir, directement ou indirectement, des biens ou des services ou qui, \u00e0 quelque titre que ce soit, exercent une activit\u00e9 d&rsquo;influence commerciale par voie \u00e9lectronique\u00a0\u00bb, en pr\u00e9cisant que, lorsque cette activit\u00e9 est exerc\u00e9e par un mineur de moins de 16 ans, c&rsquo;est son employeur ou, \u00e0 d\u00e9faut, ses parents ou les personnes titulaires de l&rsquo;autorit\u00e9 parentale, qui assument les responsabilit\u00e9s d\u00e9coulant des contenus qu&rsquo;il publie sur les r\u00e9seaux sociaux et les plates-formes.<\/p>\n\n<p>La loi fran\u00e7aise pr\u00e9voit \u00e0 la fois des mesures de soutien \u00e0 ces professionnels et de protection des consommateurs de ces contenus, afin de pr\u00e9venir l&rsquo;adoption de mauvaises pratiques qui pourraient se d\u00e9velopper en profitant de l&rsquo;influence qu&rsquo;ils exercent sur eux.<\/p>\n\n<p>Les mesures de protection des consommateurs comprennent l&rsquo;interdiction de la promotion de certains biens et services lorsque la protection de la sant\u00e9 publique est menac\u00e9e par la diffusion d&rsquo;informations sur les techniques, m\u00e9thodes et traitements esth\u00e9tiques, pharmacologiques et chirurgicaux.<\/p>\n\n<p>De m\u00eame, la promotion commerciale de produits pouvant \u00eatre dangereux ou frauduleux, tels que certains services financiers, les paris sportifs ou ceux contenant, m\u00eame partiellement, de la nicotine, est \u00e9galement interdite.<\/p>\n\n<p>Les influenceurs fran\u00e7ais ne pourront pas partager de contenu incluant des interactions avec des animaux et chaque fois qu&rsquo;ils feront la promotion de biens ou de services en collaboration avec des marques, ils devront clairement sp\u00e9cifier qu&rsquo;il s&rsquo;agit de publicit\u00e9 afin que les utilisateurs puissent \u00eatre conscients du contenu qu&rsquo;ils visionnent.<\/p>\n\n<p>De plus, cette loi va plus loin et oblige ces professionnels \u00e0 indiquer s&rsquo;ils ont utilis\u00e9 des filtres dans les photographies ou vid\u00e9os qu&rsquo;ils partagent sur leurs r\u00e9seaux sociaux, s&rsquo;ils les ont retouch\u00e9es, ou m\u00eame si les images en question ont \u00e9t\u00e9 cr\u00e9\u00e9es \u00e0 l&rsquo;aide d&rsquo;une intelligence artificielle.<\/p>\n\n<p>L&rsquo;objectif de ces mesures est d&rsquo;essayer d&rsquo;obtenir la plus grande transparence et information possible sur les publications pour les utilisateurs qui consomment le contenu de ces nouveaux professionnels.<\/p>\n\n<p>Enfin, la loi \u00e9tablit un syst\u00e8me de sanctions pour les infractions aux mesures et dispositions de la loi.<\/p>\n\n<p>Plus pr\u00e9cis\u00e9ment, l&rsquo;influenceur qui ne respecte pas les r\u00e8gles peut se voir imposer diverses sanctions consistant en des amendes pouvant aller jusqu&rsquo;\u00e0 300 000 euros, ainsi qu&rsquo;une interdiction temporaire ou permanente d&rsquo;exercer son activit\u00e9, assortie d&rsquo;un \u00e9ventuel refus d&rsquo;acc\u00e8s aux plateformes sur lesquelles il partage le contenu.<\/p>\n\n<p>Et pour les cas o\u00f9 des pratiques commerciales trompeuses d&rsquo;une gravit\u00e9 notoire ont \u00e9t\u00e9 commises, la loi fran\u00e7aise pr\u00e9voit l&rsquo;imposition de peines privatives de libert\u00e9 (emprisonnement) d&rsquo;une dur\u00e9e maximale de deux ans.<\/p>\n\n<p>Nous devons maintenant attendre de voir si notre pouvoir l\u00e9gislatif suit les traces de la France et r\u00e9glemente cette profession, car la r\u00e9alit\u00e9 est qu&rsquo;il y a beaucoup de d\u00e9sinformation sur les r\u00e9seaux et que parfois des informations sont diffus\u00e9es qui peuvent \u00eatre pr\u00e9judiciables au consommateur, ce qui, selon nous, rend n\u00e9cessaire une r\u00e9glementation et une norme qui fournissent une base minimale pour le contenu qui peut \u00eatre publi\u00e9.<\/p>\n\n<p class=\"has-text-align-right\">Article r\u00e9dig\u00e9 par Cynthia Z\u00e1rate<\/p>\n","protected":false},"excerpt":{"rendered":"<p>Ces derni\u00e8res ann\u00e9es, de nouvelles professions sont apparues, auxquelles nos lois et r\u00e9glementations ne sont pas pr\u00e9par\u00e9es. C&rsquo;est le cas de la figure de l&rsquo;influenceur, du streamer et\/ou du youtuber, qui pourraient en principe \u00eatre consid\u00e9r\u00e9s comme des cr\u00e9ateurs de contenu audiovisuel, bien que le contexte soit plus complexe. Les entreprises ont modifi\u00e9 leur strat\u00e9gie [&hellip;]<\/p>\n","protected":false},"author":3,"featured_media":5433,"comment_status":"closed","ping_status":"closed","sticky":false,"template":"","format":"standard","meta":{"_joinchat":[],"footnotes":""},"categories":[31],"tags":[],"class_list":["post-5439","post","type-post","status-publish","format-standard","has-post-thumbnail","hentry","category-actualidad"],"yoast_head":"<!-- This site is optimized with the Yoast SEO plugin v27.5 - https:\/\/yoast.com\/product\/yoast-seo-wordpress\/ -->\n<title>L&#039;Espagne va-t-elle r\u00e9glementer la profession d&#039;influenceur ?<\/title>\n<meta name=\"description\" content=\"Francia ha dado el primer paso en Europa y ha aprobado recientemente una ley sobre la actividad del influencer\" \/>\n<meta name=\"robots\" content=\"index, follow, max-snippet:-1, max-image-preview:large, max-video-preview:-1\" \/>\n<link rel=\"canonical\" href=\"https:\/\/chapaprianavarroyasociados.com\/fr\/news-fr\/lespagne-va-t-elle-reglementer-la-profession-dinfluenceur\/\" \/>\n<meta property=\"og:locale\" content=\"fr_FR\" \/>\n<meta property=\"og:type\" content=\"article\" \/>\n<meta property=\"og:title\" content=\"L&#039;Espagne va-t-elle r\u00e9glementer la profession d&#039;influenceur ?\" \/>\n<meta property=\"og:description\" content=\"Francia ha dado el primer paso en Europa y ha aprobado recientemente una ley sobre la actividad del influencer\" \/>\n<meta property=\"og:url\" content=\"https:\/\/chapaprianavarroyasociados.com\/fr\/news-fr\/lespagne-va-t-elle-reglementer-la-profession-dinfluenceur\/\" \/>\n<meta property=\"og:site_name\" content=\"Chapapr\u00eda-Navarro &amp; Asociados\" \/>\n<meta property=\"article:publisher\" content=\"https:\/\/www.facebook.com\/chapaprianavarroasociados\/\" \/>\n<meta property=\"article:published_time\" content=\"2023-07-21T09:15:17+00:00\" \/>\n<meta property=\"article:modified_time\" content=\"2023-07-21T12:02:13+00:00\" \/>\n<meta property=\"og:image\" content=\"https:\/\/chapaprianavarroyasociados.com\/wp-content\/uploads\/2023\/07\/influncer.png\" \/>\n\t<meta property=\"og:image:width\" content=\"980\" \/>\n\t<meta property=\"og:image:height\" content=\"735\" \/>\n\t<meta property=\"og:image:type\" content=\"image\/png\" \/>\n<meta name=\"author\" content=\"Chapapr\u00eda-Navarro &amp; Asociados\" \/>\n<meta name=\"twitter:card\" content=\"summary_large_image\" \/>\n<meta name=\"twitter:creator\" content=\"@BufeteChapapria\" \/>\n<meta name=\"twitter:site\" content=\"@BufeteChapapria\" \/>\n<meta name=\"twitter:label1\" content=\"\u00c9crit par\" \/>\n\t<meta name=\"twitter:data1\" content=\"Chapapr\u00eda-Navarro &amp; Asociados\" \/>\n\t<meta name=\"twitter:label2\" content=\"Dur\u00e9e de lecture estim\u00e9e\" \/>\n\t<meta name=\"twitter:data2\" content=\"4 minutes\" \/>\n<script type=\"application\/ld+json\" class=\"yoast-schema-graph\">{\"@context\":\"https:\\\/\\\/schema.org\",\"@graph\":[{\"@type\":\"Article\",\"@id\":\"https:\\\/\\\/chapaprianavarroyasociados.com\\\/fr\\\/news-fr\\\/lespagne-va-t-elle-reglementer-la-profession-dinfluenceur\\\/#article\",\"isPartOf\":{\"@id\":\"https:\\\/\\\/chapaprianavarroyasociados.com\\\/fr\\\/news-fr\\\/lespagne-va-t-elle-reglementer-la-profession-dinfluenceur\\\/\"},\"author\":{\"name\":\"Chapapr\u00eda-Navarro &amp; Asociados\",\"@id\":\"https:\\\/\\\/chapaprianavarroyasociados.com\\\/fr\\\/#\\\/schema\\\/person\\\/c9ff87cb91d65fcd42e451a0caa2cab0\"},\"headline\":\"L&rsquo;Espagne va-t-elle r\u00e9glementer la profession d&rsquo;influenceur ?\",\"datePublished\":\"2023-07-21T09:15:17+00:00\",\"dateModified\":\"2023-07-21T12:02:13+00:00\",\"mainEntityOfPage\":{\"@id\":\"https:\\\/\\\/chapaprianavarroyasociados.com\\\/fr\\\/news-fr\\\/lespagne-va-t-elle-reglementer-la-profession-dinfluenceur\\\/\"},\"wordCount\":757,\"publisher\":{\"@id\":\"https:\\\/\\\/chapaprianavarroyasociados.com\\\/fr\\\/#organization\"},\"image\":{\"@id\":\"https:\\\/\\\/chapaprianavarroyasociados.com\\\/fr\\\/news-fr\\\/lespagne-va-t-elle-reglementer-la-profession-dinfluenceur\\\/#primaryimage\"},\"thumbnailUrl\":\"https:\\\/\\\/chapaprianavarroyasociados.com\\\/wp-content\\\/uploads\\\/2023\\\/07\\\/influncer.png\",\"articleSection\":[\"Actualidad\"],\"inLanguage\":\"fr-FR\"},{\"@type\":\"WebPage\",\"@id\":\"https:\\\/\\\/chapaprianavarroyasociados.com\\\/fr\\\/news-fr\\\/lespagne-va-t-elle-reglementer-la-profession-dinfluenceur\\\/\",\"url\":\"https:\\\/\\\/chapaprianavarroyasociados.com\\\/fr\\\/news-fr\\\/lespagne-va-t-elle-reglementer-la-profession-dinfluenceur\\\/\",\"name\":\"L'Espagne va-t-elle r\u00e9glementer la profession d'influenceur ?\",\"isPartOf\":{\"@id\":\"https:\\\/\\\/chapaprianavarroyasociados.com\\\/fr\\\/#website\"},\"primaryImageOfPage\":{\"@id\":\"https:\\\/\\\/chapaprianavarroyasociados.com\\\/fr\\\/news-fr\\\/lespagne-va-t-elle-reglementer-la-profession-dinfluenceur\\\/#primaryimage\"},\"image\":{\"@id\":\"https:\\\/\\\/chapaprianavarroyasociados.com\\\/fr\\\/news-fr\\\/lespagne-va-t-elle-reglementer-la-profession-dinfluenceur\\\/#primaryimage\"},\"thumbnailUrl\":\"https:\\\/\\\/chapaprianavarroyasociados.com\\\/wp-content\\\/uploads\\\/2023\\\/07\\\/influncer.png\",\"datePublished\":\"2023-07-21T09:15:17+00:00\",\"dateModified\":\"2023-07-21T12:02:13+00:00\",\"description\":\"Francia ha dado el primer paso en Europa y ha aprobado recientemente una ley sobre la actividad del influencer\",\"breadcrumb\":{\"@id\":\"https:\\\/\\\/chapaprianavarroyasociados.com\\\/fr\\\/news-fr\\\/lespagne-va-t-elle-reglementer-la-profession-dinfluenceur\\\/#breadcrumb\"},\"inLanguage\":\"fr-FR\",\"potentialAction\":[{\"@type\":\"ReadAction\",\"target\":[\"https:\\\/\\\/chapaprianavarroyasociados.com\\\/fr\\\/news-fr\\\/lespagne-va-t-elle-reglementer-la-profession-dinfluenceur\\\/\"]}]},{\"@type\":\"ImageObject\",\"inLanguage\":\"fr-FR\",\"@id\":\"https:\\\/\\\/chapaprianavarroyasociados.com\\\/fr\\\/news-fr\\\/lespagne-va-t-elle-reglementer-la-profession-dinfluenceur\\\/#primaryimage\",\"url\":\"https:\\\/\\\/chapaprianavarroyasociados.com\\\/wp-content\\\/uploads\\\/2023\\\/07\\\/influncer.png\",\"contentUrl\":\"https:\\\/\\\/chapaprianavarroyasociados.com\\\/wp-content\\\/uploads\\\/2023\\\/07\\\/influncer.png\",\"width\":980,\"height\":735},{\"@type\":\"BreadcrumbList\",\"@id\":\"https:\\\/\\\/chapaprianavarroyasociados.com\\\/fr\\\/news-fr\\\/lespagne-va-t-elle-reglementer-la-profession-dinfluenceur\\\/#breadcrumb\",\"itemListElement\":[{\"@type\":\"ListItem\",\"position\":1,\"name\":\"Portada\",\"item\":\"https:\\\/\\\/chapaprianavarroyasociados.com\\\/fr\\\/\"},{\"@type\":\"ListItem\",\"position\":2,\"name\":\"L&#8217;Espagne va-t-elle r\u00e9glementer la profession d&#8217;influenceur ?\"}]},{\"@type\":\"WebSite\",\"@id\":\"https:\\\/\\\/chapaprianavarroyasociados.com\\\/fr\\\/#website\",\"url\":\"https:\\\/\\\/chapaprianavarroyasociados.com\\\/fr\\\/\",\"name\":\"Chapapr\u00eda-Navarro y Asociados\",\"description\":\"Bufete de abogados en Torrevieja, Valencia y Albacete\",\"publisher\":{\"@id\":\"https:\\\/\\\/chapaprianavarroyasociados.com\\\/fr\\\/#organization\"},\"potentialAction\":[{\"@type\":\"SearchAction\",\"target\":{\"@type\":\"EntryPoint\",\"urlTemplate\":\"https:\\\/\\\/chapaprianavarroyasociados.com\\\/fr\\\/?s={search_term_string}\"},\"query-input\":{\"@type\":\"PropertyValueSpecification\",\"valueRequired\":true,\"valueName\":\"search_term_string\"}}],\"inLanguage\":\"fr-FR\"},{\"@type\":\"Organization\",\"@id\":\"https:\\\/\\\/chapaprianavarroyasociados.com\\\/fr\\\/#organization\",\"name\":\"Chapapr\u00eda Navarro y Asociados\",\"url\":\"https:\\\/\\\/chapaprianavarroyasociados.com\\\/fr\\\/\",\"logo\":{\"@type\":\"ImageObject\",\"inLanguage\":\"fr-FR\",\"@id\":\"https:\\\/\\\/chapaprianavarroyasociados.com\\\/fr\\\/#\\\/schema\\\/logo\\\/image\\\/\",\"url\":\"https:\\\/\\\/chapaprianavarroyasociados.com\\\/wp-content\\\/uploads\\\/2022\\\/10\\\/cropped-logo_version_02_blanco.png\",\"contentUrl\":\"https:\\\/\\\/chapaprianavarroyasociados.com\\\/wp-content\\\/uploads\\\/2022\\\/10\\\/cropped-logo_version_02_blanco.png\",\"width\":296,\"height\":85,\"caption\":\"Chapapr\u00eda Navarro y Asociados\"},\"image\":{\"@id\":\"https:\\\/\\\/chapaprianavarroyasociados.com\\\/fr\\\/#\\\/schema\\\/logo\\\/image\\\/\"},\"sameAs\":[\"https:\\\/\\\/www.facebook.com\\\/chapaprianavarroasociados\\\/\",\"https:\\\/\\\/x.com\\\/BufeteChapapria\",\"https:\\\/\\\/www.linkedin.com\\\/company\\\/chapapria-navarro-y-asociados-s-l-p\\\/\",\"https:\\\/\\\/www.instagram.com\\\/chapaprianavarroasociados\\\/\"]},{\"@type\":\"Person\",\"@id\":\"https:\\\/\\\/chapaprianavarroyasociados.com\\\/fr\\\/#\\\/schema\\\/person\\\/c9ff87cb91d65fcd42e451a0caa2cab0\",\"name\":\"Chapapr\u00eda-Navarro &amp; Asociados\",\"image\":{\"@type\":\"ImageObject\",\"inLanguage\":\"fr-FR\",\"@id\":\"https:\\\/\\\/chapaprianavarroyasociados.com\\\/wp-content\\\/uploads\\\/2025\\\/04\\\/leon_logo-150x150.png\",\"url\":\"https:\\\/\\\/chapaprianavarroyasociados.com\\\/wp-content\\\/uploads\\\/2025\\\/04\\\/leon_logo-150x150.png\",\"contentUrl\":\"https:\\\/\\\/chapaprianavarroyasociados.com\\\/wp-content\\\/uploads\\\/2025\\\/04\\\/leon_logo-150x150.png\",\"caption\":\"Chapapr\u00eda-Navarro &amp; Asociados\"},\"url\":\"https:\\\/\\\/chapaprianavarroyasociados.com\\\/fr\\\/perfil\\\/mariajose\\\/\"}]}<\/script>\n<!-- \/ Yoast SEO plugin. -->","yoast_head_json":{"title":"L'Espagne va-t-elle r\u00e9glementer la profession d'influenceur ?","description":"Francia ha dado el primer paso en Europa y ha aprobado recientemente una ley sobre la actividad del influencer","robots":{"index":"index","follow":"follow","max-snippet":"max-snippet:-1","max-image-preview":"max-image-preview:large","max-video-preview":"max-video-preview:-1"},"canonical":"https:\/\/chapaprianavarroyasociados.com\/fr\/news-fr\/lespagne-va-t-elle-reglementer-la-profession-dinfluenceur\/","og_locale":"fr_FR","og_type":"article","og_title":"L'Espagne va-t-elle r\u00e9glementer la profession d'influenceur ?","og_description":"Francia ha dado el primer paso en Europa y ha aprobado recientemente una ley sobre la actividad del influencer","og_url":"https:\/\/chapaprianavarroyasociados.com\/fr\/news-fr\/lespagne-va-t-elle-reglementer-la-profession-dinfluenceur\/","og_site_name":"Chapapr\u00eda-Navarro &amp; Asociados","article_publisher":"https:\/\/www.facebook.com\/chapaprianavarroasociados\/","article_published_time":"2023-07-21T09:15:17+00:00","article_modified_time":"2023-07-21T12:02:13+00:00","og_image":[{"width":980,"height":735,"url":"https:\/\/chapaprianavarroyasociados.com\/wp-content\/uploads\/2023\/07\/influncer.png","type":"image\/png"}],"author":"Chapapr\u00eda-Navarro &amp; Asociados","twitter_card":"summary_large_image","twitter_creator":"@BufeteChapapria","twitter_site":"@BufeteChapapria","twitter_misc":{"\u00c9crit par":"Chapapr\u00eda-Navarro &amp; Asociados","Dur\u00e9e de lecture estim\u00e9e":"4 minutes"},"schema":{"@context":"https:\/\/schema.org","@graph":[{"@type":"Article","@id":"https:\/\/chapaprianavarroyasociados.com\/fr\/news-fr\/lespagne-va-t-elle-reglementer-la-profession-dinfluenceur\/#article","isPartOf":{"@id":"https:\/\/chapaprianavarroyasociados.com\/fr\/news-fr\/lespagne-va-t-elle-reglementer-la-profession-dinfluenceur\/"},"author":{"name":"Chapapr\u00eda-Navarro &amp; Asociados","@id":"https:\/\/chapaprianavarroyasociados.com\/fr\/#\/schema\/person\/c9ff87cb91d65fcd42e451a0caa2cab0"},"headline":"L&rsquo;Espagne va-t-elle r\u00e9glementer la profession d&rsquo;influenceur ?","datePublished":"2023-07-21T09:15:17+00:00","dateModified":"2023-07-21T12:02:13+00:00","mainEntityOfPage":{"@id":"https:\/\/chapaprianavarroyasociados.com\/fr\/news-fr\/lespagne-va-t-elle-reglementer-la-profession-dinfluenceur\/"},"wordCount":757,"publisher":{"@id":"https:\/\/chapaprianavarroyasociados.com\/fr\/#organization"},"image":{"@id":"https:\/\/chapaprianavarroyasociados.com\/fr\/news-fr\/lespagne-va-t-elle-reglementer-la-profession-dinfluenceur\/#primaryimage"},"thumbnailUrl":"https:\/\/chapaprianavarroyasociados.com\/wp-content\/uploads\/2023\/07\/influncer.png","articleSection":["Actualidad"],"inLanguage":"fr-FR"},{"@type":"WebPage","@id":"https:\/\/chapaprianavarroyasociados.com\/fr\/news-fr\/lespagne-va-t-elle-reglementer-la-profession-dinfluenceur\/","url":"https:\/\/chapaprianavarroyasociados.com\/fr\/news-fr\/lespagne-va-t-elle-reglementer-la-profession-dinfluenceur\/","name":"L'Espagne va-t-elle r\u00e9glementer la profession d'influenceur ?","isPartOf":{"@id":"https:\/\/chapaprianavarroyasociados.com\/fr\/#website"},"primaryImageOfPage":{"@id":"https:\/\/chapaprianavarroyasociados.com\/fr\/news-fr\/lespagne-va-t-elle-reglementer-la-profession-dinfluenceur\/#primaryimage"},"image":{"@id":"https:\/\/chapaprianavarroyasociados.com\/fr\/news-fr\/lespagne-va-t-elle-reglementer-la-profession-dinfluenceur\/#primaryimage"},"thumbnailUrl":"https:\/\/chapaprianavarroyasociados.com\/wp-content\/uploads\/2023\/07\/influncer.png","datePublished":"2023-07-21T09:15:17+00:00","dateModified":"2023-07-21T12:02:13+00:00","description":"Francia ha dado el primer paso en Europa y ha aprobado recientemente una ley sobre la actividad del influencer","breadcrumb":{"@id":"https:\/\/chapaprianavarroyasociados.com\/fr\/news-fr\/lespagne-va-t-elle-reglementer-la-profession-dinfluenceur\/#breadcrumb"},"inLanguage":"fr-FR","potentialAction":[{"@type":"ReadAction","target":["https:\/\/chapaprianavarroyasociados.com\/fr\/news-fr\/lespagne-va-t-elle-reglementer-la-profession-dinfluenceur\/"]}]},{"@type":"ImageObject","inLanguage":"fr-FR","@id":"https:\/\/chapaprianavarroyasociados.com\/fr\/news-fr\/lespagne-va-t-elle-reglementer-la-profession-dinfluenceur\/#primaryimage","url":"https:\/\/chapaprianavarroyasociados.com\/wp-content\/uploads\/2023\/07\/influncer.png","contentUrl":"https:\/\/chapaprianavarroyasociados.com\/wp-content\/uploads\/2023\/07\/influncer.png","width":980,"height":735},{"@type":"BreadcrumbList","@id":"https:\/\/chapaprianavarroyasociados.com\/fr\/news-fr\/lespagne-va-t-elle-reglementer-la-profession-dinfluenceur\/#breadcrumb","itemListElement":[{"@type":"ListItem","position":1,"name":"Portada","item":"https:\/\/chapaprianavarroyasociados.com\/fr\/"},{"@type":"ListItem","position":2,"name":"L&#8217;Espagne va-t-elle r\u00e9glementer la profession d&#8217;influenceur ?"}]},{"@type":"WebSite","@id":"https:\/\/chapaprianavarroyasociados.com\/fr\/#website","url":"https:\/\/chapaprianavarroyasociados.com\/fr\/","name":"Chapapr\u00eda-Navarro y Asociados","description":"Bufete de abogados en Torrevieja, Valencia y Albacete","publisher":{"@id":"https:\/\/chapaprianavarroyasociados.com\/fr\/#organization"},"potentialAction":[{"@type":"SearchAction","target":{"@type":"EntryPoint","urlTemplate":"https:\/\/chapaprianavarroyasociados.com\/fr\/?s={search_term_string}"},"query-input":{"@type":"PropertyValueSpecification","valueRequired":true,"valueName":"search_term_string"}}],"inLanguage":"fr-FR"},{"@type":"Organization","@id":"https:\/\/chapaprianavarroyasociados.com\/fr\/#organization","name":"Chapapr\u00eda Navarro y Asociados","url":"https:\/\/chapaprianavarroyasociados.com\/fr\/","logo":{"@type":"ImageObject","inLanguage":"fr-FR","@id":"https:\/\/chapaprianavarroyasociados.com\/fr\/#\/schema\/logo\/image\/","url":"https:\/\/chapaprianavarroyasociados.com\/wp-content\/uploads\/2022\/10\/cropped-logo_version_02_blanco.png","contentUrl":"https:\/\/chapaprianavarroyasociados.com\/wp-content\/uploads\/2022\/10\/cropped-logo_version_02_blanco.png","width":296,"height":85,"caption":"Chapapr\u00eda Navarro y Asociados"},"image":{"@id":"https:\/\/chapaprianavarroyasociados.com\/fr\/#\/schema\/logo\/image\/"},"sameAs":["https:\/\/www.facebook.com\/chapaprianavarroasociados\/","https:\/\/x.com\/BufeteChapapria","https:\/\/www.linkedin.com\/company\/chapapria-navarro-y-asociados-s-l-p\/","https:\/\/www.instagram.com\/chapaprianavarroasociados\/"]},{"@type":"Person","@id":"https:\/\/chapaprianavarroyasociados.com\/fr\/#\/schema\/person\/c9ff87cb91d65fcd42e451a0caa2cab0","name":"Chapapr\u00eda-Navarro &amp; Asociados","image":{"@type":"ImageObject","inLanguage":"fr-FR","@id":"https:\/\/chapaprianavarroyasociados.com\/wp-content\/uploads\/2025\/04\/leon_logo-150x150.png","url":"https:\/\/chapaprianavarroyasociados.com\/wp-content\/uploads\/2025\/04\/leon_logo-150x150.png","contentUrl":"https:\/\/chapaprianavarroyasociados.com\/wp-content\/uploads\/2025\/04\/leon_logo-150x150.png","caption":"Chapapr\u00eda-Navarro &amp; Asociados"},"url":"https:\/\/chapaprianavarroyasociados.com\/fr\/perfil\/mariajose\/"}]}},"_links":{"self":[{"href":"https:\/\/chapaprianavarroyasociados.com\/fr\/wp-json\/wp\/v2\/posts\/5439","targetHints":{"allow":["GET"]}}],"collection":[{"href":"https:\/\/chapaprianavarroyasociados.com\/fr\/wp-json\/wp\/v2\/posts"}],"about":[{"href":"https:\/\/chapaprianavarroyasociados.com\/fr\/wp-json\/wp\/v2\/types\/post"}],"author":[{"embeddable":true,"href":"https:\/\/chapaprianavarroyasociados.com\/fr\/wp-json\/wp\/v2\/users\/3"}],"replies":[{"embeddable":true,"href":"https:\/\/chapaprianavarroyasociados.com\/fr\/wp-json\/wp\/v2\/comments?post=5439"}],"version-history":[{"count":1,"href":"https:\/\/chapaprianavarroyasociados.com\/fr\/wp-json\/wp\/v2\/posts\/5439\/revisions"}],"predecessor-version":[{"id":5440,"href":"https:\/\/chapaprianavarroyasociados.com\/fr\/wp-json\/wp\/v2\/posts\/5439\/revisions\/5440"}],"wp:featuredmedia":[{"embeddable":true,"href":"https:\/\/chapaprianavarroyasociados.com\/fr\/wp-json\/wp\/v2\/media\/5433"}],"wp:attachment":[{"href":"https:\/\/chapaprianavarroyasociados.com\/fr\/wp-json\/wp\/v2\/media?parent=5439"}],"wp:term":[{"taxonomy":"category","embeddable":true,"href":"https:\/\/chapaprianavarroyasociados.com\/fr\/wp-json\/wp\/v2\/categories?post=5439"},{"taxonomy":"post_tag","embeddable":true,"href":"https:\/\/chapaprianavarroyasociados.com\/fr\/wp-json\/wp\/v2\/tags?post=5439"}],"curies":[{"name":"wp","href":"https:\/\/api.w.org\/{rel}","templated":true}]}}